{"id":346,"date":"2019-04-20T12:00:49","date_gmt":"2019-04-20T11:00:49","guid":{"rendered":"http:\/\/www.calvermell.cat\/wordpress\/?p=346"},"modified":"2019-04-21T10:34:59","modified_gmt":"2019-04-21T09:34:59","slug":"a-lestil-de-presentacio","status":"publish","type":"post","link":"https:\/\/www.calvermell.cat\/wordpress\/?p=346","title":{"rendered":"M\u00e9s de trenta anys descobrint rebesavis"},"content":{"rendered":"<p>En aquest bloc hi trobareu el fruit de la recerca geneal\u00f2gica que des de fa m\u00e9s de trenta anys est\u00e0 menant el meu germ\u00e0 Pep Planes. Pret\u00e9n \u00e9sser el mitj\u00e0 pel que vegi la llum una tasca meticulosa, rigorosa: \u00abde formiga\u00bb. O tal vegada s&#8217;escauria m\u00e9s de \u00abrata d&#8217;arxiu\u00bb.<\/p>\n<div style=\"width: 291px\" class=\"wp-caption aligncenter\"><img loading=\"lazy\" decoding=\"async\" title=\"En Pep revisant documents sota la llum ultraviolada a l'Arxiu Dioces\u00e0 de Solsona\" src=\"\/wordpress\/wp-content\/uploads\/DSC04530.JPG\" alt=\"\" width=\"281\" height=\"211\"><p class=\"wp-caption-text\">En Pep revisant documents sota la llum ultraviolada a l&#8217;Arxiu Dioces\u00e0 de Solsona<\/p><\/div>\n<p>En Pep va comen\u00e7ar pel que tenia m\u00e9s a m\u00e0: l&#8217;exigu arxiu familiar, posant sobre paper la mem\u00f2ria transmesa pels nostres pares, avis i parents de m\u00e9s edat. A partir d&#8217;aquest petit i valu\u00f3s bagatge, ha anat estirant els fils de les arrels familiars entre lligalls de paper vell, per diversos registres oficials, arxius parroquials i diocesans.<\/p>\n<p>La genealogia \u00e9s una mat\u00e8ria exigent i vocacional. Qui s&#8217;hi dedica no t\u00e9 el cam\u00ed planer: Cal cremar-se les celles transcrivint documents amb grafia enrevessada o que el pas dels segles i les males condicions de conservaci\u00f3 han esva\u00eft. Composar trencaclosques amb una muni\u00f3 de dades aparentment contradict\u00f2ries, que sovint no menen enlloc. Fins a topar -quan hi ha sort- amb aquells cap\u00edtols matrimonials o aquell testament que es converteixen en la clau per escalar una generaci\u00f3 m\u00e9s en la nissaga familiar. Requereix reunir tres ingredients que en Pep posseeix: paci\u00e8ncia, m\u00e8tode i rigor.<\/p>\n<div style=\"width: 273px\" class=\"wp-caption alignleft\"><a href=\"https:\/\/www.calvermell.cat\/wordpress\/wp-content\/uploads\/13-16-00.jpg\" target=\"_blank\" rel=\"noopener noreferrer\"><img loading=\"lazy\" decoding=\"async\" title=\"La consulta a registres i arxius \u00e9s fonamental en qualsevol tasca de recerca geneal\u00f2gica\" src=\"\/wordpress\/wp-content\/uploads\/13-16-00.jpg\" alt=\"\" width=\"263\" height=\"182\"><\/a><p class=\"wp-caption-text\">La consulta a registres i arxius \u00e9s fonamental en qualsevol tasca de recerca geneal\u00f2gica<\/p><\/div>\n<p>A banda dels resultats directes de les seves recerques, l&#8217;arbre familiar ha nodrit una de les branques, amb els treballs que sobre les Planes de Sant Mateu va publicar en Joan Planas i Mart\u00ed. I pel que fa als Vil\u00e0, amb les dades de l&#8217;arxiu de Cal Canonge de Fals. Un cas excepcional on la fam\u00edlia va conservar curosament durant segles, tots o bona part dels documents que s&#8217;anaven generant. I amb la magn\u00edfica recerca d&#8217;Ernest Molins sobre les cases de Fals.<\/p>\n<p>\u00c9s especialment remarcable, tot i que no pertany plenament al terreny de la genealogia, la tasca de recerca que va fer sobre el nostre avi Ton Vil\u00e0, mort al front del Segre durant la guerra civil. Malgrat que no hem pogut recuperar-ne les despulles, avui coneixem for\u00e7a acuradament les circumst\u00e0ncies i el lloc on es va produir el seu dec\u00e9s. El desconeixement dels fets era una llosa que havia pesat sobre la fam\u00edlia durant anys.<\/p>\n<p>Merc\u00e8s a aquests treballs, la teranyina de les arrels de l&#8217;arbre familiar parteix del segle XV i abasta fins els nostres dies, amb les branques m\u00e9s tendres de la nissaga.<\/p>\n<p>Avui sabem que els nostres rebesavis eren gent del terr\u00f2s, de sec\u00e0: pagesos que treballaven la terra per compte d&#8217;altres com a mossos i jornalers. Masovers o rabassaires en el millor dels casos. Obligats a viure amb l&#8217;essencial i avesats a migrar per tal de superar condicions adverses.<\/p>\n<p>Per\u00f2 tamb\u00e9 hi ha hagut hereus i pubilles de masos ben acabalats, fadrins amb dots substancials, sastres, ferrers, tractants de bestiar,&#8230; gent de pau i altres que portaven el pedrenyal sota la capa i no s&#8217;hi pensaven gaire en fer-lo servir. Pocs clergues i cap militar.<\/p>\n<p>D&#8217;altra banda l&#8217;estudi d&#8217;aquesta fam\u00edlia diu molt de la hist\u00f2ria de la Catalunya interior i del despoblament de comarques com el Bergued\u00e0, la Noguera, la Segarra o el Solson\u00e8s. Sobretot durant el segles XIX i comen\u00e7aments del XX. Els nostres parents, com tantes altres fam\u00edlies, buscaven llocs que els permetessin diversificar les fonts de subsist\u00e8ncia: sense deixar la terra, poder treballar -sobretot les dones- a les f\u00e0briques. I pal\u00b7liar aix\u00ed la mis\u00e8ria que inevitablement suposava una mala anyada.<\/p>\n<p>Aquestes son les nostres arrels. No ho hem triat, per\u00f2 per res del m\u00f3n en renegarem: \u00ab<em><strong>qui perd els or\u00edgens perd identitat<\/strong><\/em>\u00bb<\/p>\n<p style=\"text-align: right;\">Toni Planas i Vil\u00e0<\/p>\n","protected":false},"excerpt":{"rendered":"<p>En aquest bloc hi trobareu el fruit de la recerca geneal\u00f2gica que des de fa m\u00e9s de trenta anys est\u00e0 menant el meu germ\u00e0 Pep Planes. Pret\u00e9n \u00e9sser el mitj\u00e0 pel que vegi la llum una tasca meticulosa, rigorosa: \u00abde &hellip; <a href=\"https:\/\/www.calvermell.cat\/wordpress\/?p=346\">Continua llegint <span class=\"meta-nav\">&rarr;<\/span><\/a><\/p>\n","protected":false},"author":1,"featured_media":0,"comment_status":"closed","ping_status":"closed","sticky":false,"template":"","format":"standard","meta":{"ngg_post_thumbnail":0,"footnotes":""},"categories":[1],"tags":[],"class_list":["post-346","post","type-post","status-publish","format-standard","hentry","category-general"],"_links":{"self":[{"href":"https:\/\/www.calvermell.cat\/wordpress\/index.php?rest_route=\/wp\/v2\/posts\/346","targetHints":{"allow":["GET"]}}],"collection":[{"href":"https:\/\/www.calvermell.cat\/wordpress\/index.php?rest_route=\/wp\/v2\/posts"}],"about":[{"href":"https:\/\/www.calvermell.cat\/wordpress\/index.php?rest_route=\/wp\/v2\/types\/post"}],"author":[{"embeddable":true,"href":"https:\/\/www.calvermell.cat\/wordpress\/index.php?rest_route=\/wp\/v2\/users\/1"}],"replies":[{"embeddable":true,"href":"https:\/\/www.calvermell.cat\/wordpress\/index.php?rest_route=%2Fwp%2Fv2%2Fcomments&post=346"}],"version-history":[{"count":36,"href":"https:\/\/www.calvermell.cat\/wordpress\/index.php?rest_route=\/wp\/v2\/posts\/346\/revisions"}],"predecessor-version":[{"id":939,"href":"https:\/\/www.calvermell.cat\/wordpress\/index.php?rest_route=\/wp\/v2\/posts\/346\/revisions\/939"}],"wp:attachment":[{"href":"https:\/\/www.calvermell.cat\/wordpress\/index.php?rest_route=%2Fwp%2Fv2%2Fmedia&parent=346"}],"wp:term":[{"taxonomy":"category","embeddable":true,"href":"https:\/\/www.calvermell.cat\/wordpress\/index.php?rest_route=%2Fwp%2Fv2%2Fcategories&post=346"},{"taxonomy":"post_tag","embeddable":true,"href":"https:\/\/www.calvermell.cat\/wordpress\/index.php?rest_route=%2Fwp%2Fv2%2Ftags&post=346"}],"curies":[{"name":"wp","href":"https:\/\/api.w.org\/{rel}","templated":true}]}}